{"id":4173,"date":"2026-06-18T20:21:31","date_gmt":"2026-06-18T18:21:31","guid":{"rendered":"https:\/\/alien.agenceidentity.fr\/participacio-al-seminari-de-cooperacio-transfronterera-poctefa-a-palamos-el-6-de-maig-de-2026\/"},"modified":"2026-07-11T12:17:19","modified_gmt":"2026-07-11T10:17:19","slug":"participacio-al-seminari-de-cooperacio-transfronterera-poctefa-a-palamos-el-6-de-maig-de-2026","status":"publish","type":"post","link":"https:\/\/alien-occicat.obs-banyuls.fr\/ca\/participacio-al-seminari-de-cooperacio-transfronterera-poctefa-a-palamos-el-6-de-maig-de-2026\/","title":{"rendered":"Participaci\u00f3 al seminari de cooperaci\u00f3 transfronterera POCTEFA a Palam\u00f3s el 6 de maig de 2026"},"content":{"rendered":"<div class=\"fusion-fullwidth fullwidth-box fusion-builder-row-1 fusion-flex-container has-pattern-background has-mask-background nonhundred-percent-fullwidth non-hundred-percent-height-scrolling\" style=\"--awb-border-radius-top-left:0px;--awb-border-radius-top-right:0px;--awb-border-radius-bottom-right:0px;--awb-border-radius-bottom-left:0px;--awb-flex-wrap:wrap;\" ><div class=\"fusion-builder-row fusion-row fusion-flex-align-items-flex-start fusion-flex-content-wrap\" style=\"max-width:1279.2px;margin-left: calc(-4% \/ 2 );margin-right: calc(-4% \/ 2 );\"><div class=\"fusion-layout-column fusion_builder_column fusion-builder-column-0 fusion_builder_column_3_4 3_4 fusion-flex-column\" style=\"--awb-bg-size:cover;--awb-width-large:75%;--awb-margin-top-large:0px;--awb-spacing-right-large:2.56%;--awb-margin-bottom-large:0px;--awb-spacing-left-large:2.56%;--awb-width-medium:75%;--awb-order-medium:0;--awb-spacing-right-medium:2.56%;--awb-spacing-left-medium:2.56%;--awb-width-small:100%;--awb-order-small:0;--awb-spacing-right-small:1.92%;--awb-spacing-left-small:1.92%;\"><div class=\"fusion-column-wrapper fusion-column-has-shadow fusion-flex-justify-content-flex-start fusion-content-layout-column\"><div class=\"fusion-text fusion-text-1\"><p>El 6 de maig de 2026, dos representants del CNRS de l\u2019Observatori Oceanogr\u00e0fic de Banyuls-sur-Mer i dos investigadors del CEAB-CSIC, tots implicats en el projecte ALIEN-OCCICAT, es van despla\u00e7ar a Palam\u00f3s (Catalunya) per participar en el seminari de cooperaci\u00f3 transfronterera organitzat en el marc del programa POCTEFA.<\/p>\n<p>Aquest esdeveniment va ser una excel\u00b7lent ocasi\u00f3 per a ells de compartir els seus aven\u00e7os dins del projecte, per\u00f2 tamb\u00e9 de descobrir les altres iniciatives finan\u00e7ades pel programa POCTEFA. Aquests intercanvis d\u2019experi\u00e8ncies entre els diferents projectes POCTEFA resulten essencials per enriquir les pr\u00e0ctiques de cadasc\u00fa i refor\u00e7ar de manera duradora l\u2019impacte de la cooperaci\u00f3 transfronterera.<\/p>\n<\/div><\/div><\/div><div class=\"fusion-layout-column fusion_builder_column fusion-builder-column-1 fusion_builder_column_1_4 1_4 fusion-flex-column fusion-flex-align-self-stretch\" style=\"--awb-bg-size:cover;--awb-width-large:25%;--awb-margin-top-large:0px;--awb-spacing-right-large:7.68%;--awb-margin-bottom-large:0px;--awb-spacing-left-large:7.68%;--awb-width-medium:25%;--awb-order-medium:0;--awb-spacing-right-medium:7.68%;--awb-spacing-left-medium:7.68%;--awb-width-small:100%;--awb-order-small:0;--awb-spacing-right-small:1.92%;--awb-spacing-left-small:1.92%;\"><div class=\"fusion-column-wrapper fusion-column-has-shadow fusion-flex-justify-content-center fusion-content-layout-column\"><div class=\"fusion-image-element\" style=\"--awb-mask-url: url(https:\/\/alien-occicat.obs-banyuls.fr\/wp-content\/plugins\/fusion-builder\/\/assets\/images\/masks\/mask-7.svg);--awb-caption-title-font-family:var(--h2_typography-font-family);--awb-caption-title-font-weight:var(--h2_typography-font-weight);--awb-caption-title-font-style:var(--h2_typography-font-style);--awb-caption-title-size:var(--h2_typography-font-size);--awb-caption-title-transform:var(--h2_typography-text-transform);--awb-caption-title-line-height:var(--h2_typography-line-height);--awb-caption-title-letter-spacing:var(--h2_typography-letter-spacing);\"><span class=\" fusion-imageframe imageframe-none imageframe-1 hover-type-none has-mask\"><img decoding=\"async\" width=\"1920\" height=\"2560\" title=\"Palam\u00f3s_presentaci\u00f3\" src=\"https:\/\/alien-occicat.obs-banyuls.fr\/wp-content\/uploads\/2026\/06\/Palamos_presentation-scaled.jpeg\" data-orig-src=\"https:\/\/alien-occicat.obs-banyuls.fr\/wp-content\/uploads\/2026\/06\/Palamos_presentation-scaled.jpeg\" alt class=\"lazyload img-responsive wp-image-4175\" srcset=\"data:image\/svg+xml,%3Csvg%20xmlns%3D%27http%3A%2F%2Fwww.w3.org%2F2000%2Fsvg%27%20width%3D%271920%27%20height%3D%272560%27%20viewBox%3D%270%200%201920%202560%27%3E%3Crect%20width%3D%271920%27%20height%3D%272560%27%20fill-opacity%3D%220%22%2F%3E%3C%2Fsvg%3E\" data-srcset=\"https:\/\/alien-occicat.obs-banyuls.fr\/wp-content\/uploads\/2026\/06\/Palamos_presentation-200x267.jpeg 200w, https:\/\/alien-occicat.obs-banyuls.fr\/wp-content\/uploads\/2026\/06\/Palamos_presentation-400x533.jpeg 400w, https:\/\/alien-occicat.obs-banyuls.fr\/wp-content\/uploads\/2026\/06\/Palamos_presentation-600x800.jpeg 600w, https:\/\/alien-occicat.obs-banyuls.fr\/wp-content\/uploads\/2026\/06\/Palamos_presentation-800x1067.jpeg 800w, https:\/\/alien-occicat.obs-banyuls.fr\/wp-content\/uploads\/2026\/06\/Palamos_presentation-1200x1600.jpeg 1200w, https:\/\/alien-occicat.obs-banyuls.fr\/wp-content\/uploads\/2026\/06\/Palamos_presentation-scaled.jpeg 1920w\" data-sizes=\"auto\" data-orig-sizes=\"(max-width: 800px) 100vw, 400px\" \/><\/span><\/div><\/div><\/div><\/div><\/div>\n","protected":false},"excerpt":{"rendered":"","protected":false},"author":3,"featured_media":4174,"comment_status":"closed","ping_status":"open","sticky":false,"template":"","format":"standard","meta":{"_acf_changed":false,"footnotes":""},"categories":[95],"tags":[],"class_list":["post-4173","post","type-post","status-publish","format-standard","has-post-thumbnail","hentry","category-noticies"],"acf":[],"_links":{"self":[{"href":"https:\/\/alien-occicat.obs-banyuls.fr\/ca\/wp-json\/wp\/v2\/posts\/4173","targetHints":{"allow":["GET"]}}],"collection":[{"href":"https:\/\/alien-occicat.obs-banyuls.fr\/ca\/wp-json\/wp\/v2\/posts"}],"about":[{"href":"https:\/\/alien-occicat.obs-banyuls.fr\/ca\/wp-json\/wp\/v2\/types\/post"}],"author":[{"embeddable":true,"href":"https:\/\/alien-occicat.obs-banyuls.fr\/ca\/wp-json\/wp\/v2\/users\/3"}],"replies":[{"embeddable":true,"href":"https:\/\/alien-occicat.obs-banyuls.fr\/ca\/wp-json\/wp\/v2\/comments?post=4173"}],"version-history":[{"count":8,"href":"https:\/\/alien-occicat.obs-banyuls.fr\/ca\/wp-json\/wp\/v2\/posts\/4173\/revisions"}],"predecessor-version":[{"id":4959,"href":"https:\/\/alien-occicat.obs-banyuls.fr\/ca\/wp-json\/wp\/v2\/posts\/4173\/revisions\/4959"}],"wp:featuredmedia":[{"embeddable":true,"href":"https:\/\/alien-occicat.obs-banyuls.fr\/ca\/wp-json\/wp\/v2\/media\/4174"}],"wp:attachment":[{"href":"https:\/\/alien-occicat.obs-banyuls.fr\/ca\/wp-json\/wp\/v2\/media?parent=4173"}],"wp:term":[{"taxonomy":"category","embeddable":true,"href":"https:\/\/alien-occicat.obs-banyuls.fr\/ca\/wp-json\/wp\/v2\/categories?post=4173"},{"taxonomy":"post_tag","embeddable":true,"href":"https:\/\/alien-occicat.obs-banyuls.fr\/ca\/wp-json\/wp\/v2\/tags?post=4173"}],"curies":[{"name":"wp","href":"https:\/\/api.w.org\/{rel}","templated":true}]}}