{"id":4284,"date":"2026-06-23T10:35:32","date_gmt":"2026-06-23T08:35:32","guid":{"rendered":"https:\/\/alien.agenceidentity.fr\/el-biomarathon-arriba-a-occitania\/"},"modified":"2026-07-22T13:48:08","modified_gmt":"2026-07-22T11:48:08","slug":"el-biomarathon-arriba-a-occitania","status":"publish","type":"post","link":"https:\/\/alien-occicat.obs-banyuls.fr\/ca\/el-biomarathon-arriba-a-occitania\/","title":{"rendered":"El BioMARathon arriba a Occit\u00e0nia!"},"content":{"rendered":"<div class=\"fusion-fullwidth fullwidth-box fusion-builder-row-1 fusion-flex-container has-pattern-background has-mask-background nonhundred-percent-fullwidth non-hundred-percent-height-scrolling\" style=\"--awb-border-radius-top-left:0px;--awb-border-radius-top-right:0px;--awb-border-radius-bottom-right:0px;--awb-border-radius-bottom-left:0px;--awb-flex-wrap:wrap;\" ><div class=\"fusion-builder-row fusion-row fusion-flex-align-items-flex-start fusion-flex-content-wrap\" style=\"max-width:1279.2px;margin-left: calc(-4% \/ 2 );margin-right: calc(-4% \/ 2 );\"><div class=\"fusion-layout-column fusion_builder_column fusion-builder-column-0 fusion_builder_column_2_3 2_3 fusion-flex-column\" style=\"--awb-bg-size:cover;--awb-width-large:66.666666666667%;--awb-margin-top-large:0px;--awb-spacing-right-large:2.88%;--awb-margin-bottom-large:0px;--awb-spacing-left-large:2.88%;--awb-width-medium:66.666666666667%;--awb-order-medium:0;--awb-spacing-right-medium:2.88%;--awb-spacing-left-medium:2.88%;--awb-width-small:100%;--awb-order-small:0;--awb-spacing-right-small:1.92%;--awb-spacing-left-small:1.92%;\"><div class=\"fusion-column-wrapper fusion-column-has-shadow fusion-flex-justify-content-flex-start fusion-content-layout-column\"><div class=\"fusion-text fusion-text-1\"><p>Una iniciativa \u00fanica per<strong> descobrir i protegir la biodiversitat marina<\/strong> gr\u00e0cies a la <strong>ci\u00e8ncia ciutadana<\/strong> arriba a les nostres costes! Originari de Catalunya, on va aplegar m\u00e9s de 510 participants el 2025, i despr\u00e9s d\u2019haver-se llan\u00e7at amb \u00e8xit a Portugal, el <a href=\"https:\/\/biomarato.org\/france\/\" target=\"_blank\" rel=\"noopener\"><strong>BioMARathon<\/strong><\/a> dona un nou pas endavant. El concepte s\u2019est\u00e9n ara a Fran\u00e7a, i m\u00e9s concretament al <strong>litoral occit\u00e0<\/strong>. El tret de sortida es va donar el passat 2 de maig, i l\u2019aventura continuar\u00e0 fins al<strong> 15 d\u2019octubre de 2026<\/strong>. Aix\u00ed doncs, prepareu les <strong>c\u00e0meres<\/strong>!<\/p>\n<\/div><\/div><\/div><div class=\"fusion-layout-column fusion_builder_column fusion-builder-column-1 fusion_builder_column_1_3 1_3 fusion-flex-column fusion-flex-align-self-stretch\" style=\"--awb-bg-size:cover;--awb-width-large:33.333333333333%;--awb-margin-top-large:0px;--awb-spacing-right-large:5.76%;--awb-margin-bottom-large:0px;--awb-spacing-left-large:5.76%;--awb-width-medium:33.333333333333%;--awb-order-medium:0;--awb-spacing-right-medium:5.76%;--awb-spacing-left-medium:5.76%;--awb-width-small:100%;--awb-order-small:0;--awb-spacing-right-small:1.92%;--awb-spacing-left-small:1.92%;\"><div class=\"fusion-column-wrapper fusion-column-has-shadow fusion-flex-justify-content-center fusion-content-layout-column\"><div class=\"fusion-image-element\" style=\"--awb-caption-title-font-family:var(--h2_typography-font-family);--awb-caption-title-font-weight:var(--h2_typography-font-weight);--awb-caption-title-font-style:var(--h2_typography-font-style);--awb-caption-title-size:var(--h2_typography-font-size);--awb-caption-title-transform:var(--h2_typography-text-transform);--awb-caption-title-line-height:var(--h2_typography-line-height);--awb-caption-title-letter-spacing:var(--h2_typography-letter-spacing);\"><span class=\" fusion-imageframe imageframe-none imageframe-1 hover-type-none\"><a class=\"fusion-no-lightbox\" href=\"https:\/\/biomarato.org\/france\/\" target=\"_blank\" aria-label=\"Logotip_BioMarathon\" rel=\"noopener noreferrer\"><img decoding=\"async\" width=\"1250\" height=\"278\" alt=\"Logotip BioMarathon\" src=\"https:\/\/alien-occicat.obs-banyuls.fr\/wp-content\/uploads\/2026\/06\/Logo_BioMarathon.png\" data-orig-src=\"https:\/\/alien-occicat.obs-banyuls.fr\/wp-content\/uploads\/2026\/06\/Logo_BioMarathon.png\" class=\"lazyload img-responsive wp-image-4287\" srcset=\"data:image\/svg+xml,%3Csvg%20xmlns%3D%27http%3A%2F%2Fwww.w3.org%2F2000%2Fsvg%27%20width%3D%271250%27%20height%3D%27278%27%20viewBox%3D%270%200%201250%20278%27%3E%3Crect%20width%3D%271250%27%20height%3D%27278%27%20fill-opacity%3D%220%22%2F%3E%3C%2Fsvg%3E\" data-srcset=\"https:\/\/alien-occicat.obs-banyuls.fr\/wp-content\/uploads\/2026\/06\/Logo_BioMarathon-200x44.png 200w, https:\/\/alien-occicat.obs-banyuls.fr\/wp-content\/uploads\/2026\/06\/Logo_BioMarathon-400x89.png 400w, https:\/\/alien-occicat.obs-banyuls.fr\/wp-content\/uploads\/2026\/06\/Logo_BioMarathon-600x133.png 600w, https:\/\/alien-occicat.obs-banyuls.fr\/wp-content\/uploads\/2026\/06\/Logo_BioMarathon-800x178.png 800w, https:\/\/alien-occicat.obs-banyuls.fr\/wp-content\/uploads\/2026\/06\/Logo_BioMarathon-1200x267.png 1200w, https:\/\/alien-occicat.obs-banyuls.fr\/wp-content\/uploads\/2026\/06\/Logo_BioMarathon.png 1250w\" data-sizes=\"auto\" data-orig-sizes=\"(max-width: 800px) 100vw, 400px\" \/><\/a><\/span><\/div><\/div><\/div><div class=\"fusion-layout-column fusion_builder_column fusion-builder-column-2 fusion_builder_column_1_1 1_1 fusion-flex-column\" style=\"--awb-bg-size:cover;--awb-width-large:100%;--awb-margin-top-large:0px;--awb-spacing-right-large:1.92%;--awb-margin-bottom-large:0px;--awb-spacing-left-large:1.92%;--awb-width-medium:100%;--awb-order-medium:0;--awb-spacing-right-medium:1.92%;--awb-spacing-left-medium:1.92%;--awb-width-small:100%;--awb-order-small:0;--awb-spacing-right-small:1.92%;--awb-spacing-left-small:1.92%;\"><div class=\"fusion-column-wrapper fusion-column-has-shadow fusion-flex-justify-content-flex-start fusion-content-layout-column\"><div class=\"fusion-title title fusion-title-1 fusion-sep-none fusion-title-center fusion-title-text fusion-title-size-two\" style=\"--awb-margin-top-small:10px;--awb-margin-right-small:0px;--awb-margin-bottom-small:10px;--awb-margin-left-small:0px;\"><h2 class=\"fusion-title-heading title-heading-center fusion-responsive-typography-calculated\" style=\"margin:0;--fontSize:42;line-height:var(--awb-typography1-line-height);\">Una competici\u00f3 col\u00b7laborativa per a la ci\u00e8ncia<\/h2><\/div><div class=\"fusion-text fusion-text-2\"><p>La BioMARathon es presenta en forma de <strong>repte amist\u00f3s<\/strong> entre persones apassionades de la mar. L\u2019objectiu \u00e9s registrar el<strong> major nombre possible d\u2019observacions i esp\u00e8cies<\/strong>. Participar-hi \u00e9s molt senzill: nom\u00e9s cal pujar les vostres fotos de fauna i flora marina a la plataforma \u00a0<a href=\"https:\/\/minka-sdg.org\/\" target=\"_blank\" rel=\"noopener\"><strong>MINKA<\/strong><\/a>.<\/p>\n<\/div><\/div><\/div><div class=\"fusion-layout-column fusion_builder_column fusion-builder-column-3 fusion_builder_column_1_2 1_2 fusion-flex-column\" style=\"--awb-bg-size:cover;--awb-width-large:50%;--awb-margin-top-large:0px;--awb-spacing-right-large:3.84%;--awb-margin-bottom-large:0px;--awb-spacing-left-large:3.84%;--awb-width-medium:50%;--awb-order-medium:0;--awb-spacing-right-medium:3.84%;--awb-spacing-left-medium:3.84%;--awb-width-small:100%;--awb-order-small:0;--awb-spacing-right-small:1.92%;--awb-spacing-left-small:1.92%;\"><div class=\"fusion-column-wrapper fusion-column-has-shadow fusion-flex-justify-content-flex-start fusion-content-layout-column\"><div class=\"fusion-image-element\" style=\"--awb-caption-title-font-family:var(--h2_typography-font-family);--awb-caption-title-font-weight:var(--h2_typography-font-weight);--awb-caption-title-font-style:var(--h2_typography-font-style);--awb-caption-title-size:var(--h2_typography-font-size);--awb-caption-title-transform:var(--h2_typography-text-transform);--awb-caption-title-line-height:var(--h2_typography-line-height);--awb-caption-title-letter-spacing:var(--h2_typography-letter-spacing);\"><span class=\" fusion-imageframe imageframe-none imageframe-2 hover-type-none\"><a class=\"fusion-no-lightbox\" href=\"https:\/\/minka-sdg.org\/\" target=\"_blank\" aria-label=\"Visuel &#8211; Contribuer 1_Ca_V2\" rel=\"noopener noreferrer\"><img decoding=\"async\" width=\"1233\" height=\"1781\" alt=\"Visuel - Contribuer 1_Ca_V2\" src=\"https:\/\/alien-occicat.obs-banyuls.fr\/wp-content\/uploads\/2026\/06\/Visuel-Contribuer-1_Ca_V2.png\" data-orig-src=\"https:\/\/alien-occicat.obs-banyuls.fr\/wp-content\/uploads\/2026\/06\/Visuel-Contribuer-1_Ca_V2.png\" class=\"lazyload img-responsive wp-image-5155\" srcset=\"data:image\/svg+xml,%3Csvg%20xmlns%3D%27http%3A%2F%2Fwww.w3.org%2F2000%2Fsvg%27%20width%3D%271233%27%20height%3D%271781%27%20viewBox%3D%270%200%201233%201781%27%3E%3Crect%20width%3D%271233%27%20height%3D%271781%27%20fill-opacity%3D%220%22%2F%3E%3C%2Fsvg%3E\" data-srcset=\"https:\/\/alien-occicat.obs-banyuls.fr\/wp-content\/uploads\/2026\/06\/Visuel-Contribuer-1_Ca_V2-200x289.png 200w, https:\/\/alien-occicat.obs-banyuls.fr\/wp-content\/uploads\/2026\/06\/Visuel-Contribuer-1_Ca_V2-400x578.png 400w, https:\/\/alien-occicat.obs-banyuls.fr\/wp-content\/uploads\/2026\/06\/Visuel-Contribuer-1_Ca_V2-600x867.png 600w, https:\/\/alien-occicat.obs-banyuls.fr\/wp-content\/uploads\/2026\/06\/Visuel-Contribuer-1_Ca_V2-800x1156.png 800w, https:\/\/alien-occicat.obs-banyuls.fr\/wp-content\/uploads\/2026\/06\/Visuel-Contribuer-1_Ca_V2-1200x1733.png 1200w, https:\/\/alien-occicat.obs-banyuls.fr\/wp-content\/uploads\/2026\/06\/Visuel-Contribuer-1_Ca_V2.png 1233w\" data-sizes=\"auto\" data-orig-sizes=\"(max-width: 800px) 100vw, 600px\" \/><\/a><\/span><\/div><\/div><\/div><div class=\"fusion-layout-column fusion_builder_column fusion-builder-column-4 fusion_builder_column_1_2 1_2 fusion-flex-column\" style=\"--awb-bg-size:cover;--awb-width-large:50%;--awb-margin-top-large:0px;--awb-spacing-right-large:3.84%;--awb-margin-bottom-large:0px;--awb-spacing-left-large:3.84%;--awb-width-medium:50%;--awb-order-medium:0;--awb-spacing-right-medium:3.84%;--awb-spacing-left-medium:3.84%;--awb-width-small:100%;--awb-order-small:0;--awb-spacing-right-small:1.92%;--awb-spacing-left-small:1.92%;\"><div class=\"fusion-column-wrapper fusion-column-has-shadow fusion-flex-justify-content-flex-start fusion-content-layout-column\"><div class=\"fusion-text fusion-text-3\"><p>Si les vostres observacions compleixen els <a href=\"https:\/\/biomarato.org\/france\/comment-participer\/\" target=\"_blank\" rel=\"noopener\">criteris del BioMARathon<\/a>, s\u2019integraran autom\u00e0ticament al projecte i podreu tamb\u00e9 <strong>guanyar un premi<\/strong>! De fet, al final de la temporada, es lliuraran <strong>recompenses<\/strong> les persones que hagin acumulat el major nombre d\u2019esp\u00e8cies i observacions validades amb l\u2019estat \u00ab <strong>Grau de recerca<\/strong> \u00bb a la plataforma.<\/p>\n<\/div><\/div><\/div><div class=\"fusion-layout-column fusion_builder_column fusion-builder-column-5 fusion_builder_column_1_1 1_1 fusion-flex-column\" style=\"--awb-bg-size:cover;--awb-width-large:100%;--awb-margin-top-large:0px;--awb-spacing-right-large:1.92%;--awb-margin-bottom-large:0px;--awb-spacing-left-large:1.92%;--awb-width-medium:100%;--awb-order-medium:0;--awb-spacing-right-medium:1.92%;--awb-spacing-left-medium:1.92%;--awb-width-small:100%;--awb-order-small:0;--awb-spacing-right-small:1.92%;--awb-spacing-left-small:1.92%;\"><div class=\"fusion-column-wrapper fusion-column-has-shadow fusion-flex-justify-content-flex-start fusion-content-layout-column\"><div class=\"fusion-title title fusion-title-2 fusion-sep-none fusion-title-center fusion-title-text fusion-title-size-two\" style=\"--awb-margin-top-small:10px;--awb-margin-right-small:0px;--awb-margin-bottom-small:10px;--awb-margin-left-small:0px;\"><h2 class=\"fusion-title-heading title-heading-center fusion-responsive-typography-calculated\" style=\"margin:0;--fontSize:42;line-height:var(--awb-typography1-line-height);\">Un motor d\u2019acci\u00f3 essencial per a ALIEN-OCCICAT<\/h2><\/div><div class=\"fusion-text fusion-text-4\"><p>M\u00e9s enll\u00e0 del seu aspecte l\u00fadic, aquest repte ciutad\u00e0 t\u00e9 un <strong>gran abast ecol\u00f2gic<\/strong>. Totes les dades recollides sobre el terreny s\u00f3n fonamentals per a nombrosos <strong>projectes cient\u00edfics<\/strong>. Aix\u00f2 \u00e9s especialment rellevant per a <strong>ALIEN-OCCICAT<\/strong>, que utilitza el conjunt de les vostres observacions d\u2019<strong>Esp\u00e8cies No-Ind\u00edgenes<\/strong>&nbsp;per <strong>cartografiar<\/strong> i <strong>seguir la seva progressi\u00f3<\/strong> en temps real.<\/p>\n<p>En participar, ajudeu directament a:<\/p>\n<ul>\n<li><strong>Detectar noves esp\u00e8cies invasores<\/strong>&nbsp;abans que s\u2019estableixin de manera permanent.<\/li>\n<li><strong>Cartografiar la progressi\u00f3<\/strong> de les Esp\u00e8cies No-Ind\u00edgenes ja conegudes.<\/li>\n<li><strong>Mesurar la pressi\u00f3 exercida<\/strong> sobre les esp\u00e8cies locals i els h\u00e0bitats clau.<\/li>\n<\/ul>\n<\/div><div class=\"fusion-title title fusion-title-3 fusion-sep-none fusion-title-center fusion-title-text fusion-title-size-two\" style=\"--awb-margin-top-small:10px;--awb-margin-right-small:0px;--awb-margin-bottom-small:10px;--awb-margin-left-small:0px;\"><h2 class=\"fusion-title-heading title-heading-center fusion-responsive-typography-calculated\" style=\"margin:0;--fontSize:42;line-height:var(--awb-typography1-line-height);\">Com participar?<\/h2><\/div><div class=\"fusion-text fusion-text-5\"><p>No cal comptar amb experi\u00e8ncia en biologia marina per unir-se a l\u2019aventura! Nom\u00e9s cal seguir aquests <strong>tres passos<\/strong>:<\/p>\n<p><img decoding=\"async\" class=\"lazyload alignnone wp-image-5156 size-full\" src=\"https:\/\/alien-occicat.obs-banyuls.fr\/wp-content\/uploads\/2026\/06\/Etapes_Minka_Ca_V2-scaled.png\" data-orig-src=\"https:\/\/alien-occicat.obs-banyuls.fr\/wp-content\/uploads\/2026\/06\/Etapes_Minka_Ca_V2-scaled.png\" alt=\"Etapes_Minka_Ca_V2\" width=\"2560\" height=\"884\" srcset=\"data:image\/svg+xml,%3Csvg%20xmlns%3D%27http%3A%2F%2Fwww.w3.org%2F2000%2Fsvg%27%20width%3D%272560%27%20height%3D%27884%27%20viewBox%3D%270%200%202560%20884%27%3E%3Crect%20width%3D%272560%27%20height%3D%27884%27%20fill-opacity%3D%220%22%2F%3E%3C%2Fsvg%3E\" data-srcset=\"https:\/\/alien-occicat.obs-banyuls.fr\/wp-content\/uploads\/2026\/06\/Etapes_Minka_Ca_V2-200x69.png 200w, https:\/\/alien-occicat.obs-banyuls.fr\/wp-content\/uploads\/2026\/06\/Etapes_Minka_Ca_V2-300x104.png 300w, https:\/\/alien-occicat.obs-banyuls.fr\/wp-content\/uploads\/2026\/06\/Etapes_Minka_Ca_V2-400x138.png 400w, https:\/\/alien-occicat.obs-banyuls.fr\/wp-content\/uploads\/2026\/06\/Etapes_Minka_Ca_V2-600x207.png 600w, https:\/\/alien-occicat.obs-banyuls.fr\/wp-content\/uploads\/2026\/06\/Etapes_Minka_Ca_V2-768x265.png 768w, https:\/\/alien-occicat.obs-banyuls.fr\/wp-content\/uploads\/2026\/06\/Etapes_Minka_Ca_V2-800x276.png 800w, https:\/\/alien-occicat.obs-banyuls.fr\/wp-content\/uploads\/2026\/06\/Etapes_Minka_Ca_V2-1024x353.png 1024w, https:\/\/alien-occicat.obs-banyuls.fr\/wp-content\/uploads\/2026\/06\/Etapes_Minka_Ca_V2-1200x414.png 1200w, https:\/\/alien-occicat.obs-banyuls.fr\/wp-content\/uploads\/2026\/06\/Etapes_Minka_Ca_V2-1536x530.png 1536w, https:\/\/alien-occicat.obs-banyuls.fr\/wp-content\/uploads\/2026\/06\/Etapes_Minka_Ca_V2-scaled.png 2560w\" data-sizes=\"auto\" data-orig-sizes=\"(max-width: 2560px) 100vw, 2560px\" \/><\/p>\n<p><strong>Membres de la comunitat<\/strong> validaran despr\u00e9s les vostres identificacions!<br \/>\nEn multiplicar les mirades sobre el litoral fins al <strong>15 d\u2019octubre<\/strong>, cada foto compartida es converteix en una <strong>acci\u00f3 concreta<\/strong> per ajudar els equips d\u2019investigaci\u00f3 i protegir la biodiversitat marina de la nostra regi\u00f3.<\/p>\n<p>Tant si est\u00e0s de vacances com si vius al litoral, est\u00e0s a punt per acceptar el repte?<\/p>\n<\/div><div class=\"fusion-text fusion-text-6\" style=\"--awb-text-color:var(--awb-custom_color_1);\"><p>La BioMARathon Occit\u00e0nia forma part del projecte<\/p>\n<\/div><div class=\"fusion-builder-row fusion-builder-row-inner fusion-row fusion-flex-align-items-flex-start fusion-flex-content-wrap\" style=\"--awb-flex-grow:0;--awb-flex-grow-medium:0;--awb-flex-grow-small:0;--awb-flex-shrink:0;--awb-flex-shrink-medium:0;--awb-flex-shrink-small:0;width:104% !important;max-width:104% !important;margin-left: calc(-4% \/ 2 );margin-right: calc(-4% \/ 2 );\"><div class=\"fusion-layout-column fusion_builder_column_inner fusion-builder-nested-column-0 fusion_builder_column_inner_1_4 1_4 fusion-flex-column\" style=\"--awb-bg-size:cover;--awb-width-large:25%;--awb-margin-top-large:0px;--awb-spacing-right-large:7.68%;--awb-margin-bottom-large:0px;--awb-spacing-left-large:7.68%;--awb-width-medium:25%;--awb-order-medium:0;--awb-spacing-right-medium:7.68%;--awb-spacing-left-medium:7.68%;--awb-width-small:100%;--awb-order-small:0;--awb-spacing-right-small:1.92%;--awb-spacing-left-small:1.92%;\"><div class=\"fusion-column-wrapper fusion-column-has-shadow fusion-flex-justify-content-flex-start fusion-content-layout-column\"><div class=\"fusion-image-element\" style=\"--awb-caption-title-font-family:var(--h2_typography-font-family);--awb-caption-title-font-weight:var(--h2_typography-font-weight);--awb-caption-title-font-style:var(--h2_typography-font-style);--awb-caption-title-size:var(--h2_typography-font-size);--awb-caption-title-transform:var(--h2_typography-text-transform);--awb-caption-title-line-height:var(--h2_typography-line-height);--awb-caption-title-letter-spacing:var(--h2_typography-letter-spacing);\"><span class=\" fusion-imageframe imageframe-none imageframe-3 hover-type-none\"><img decoding=\"async\" width=\"1482\" height=\"920\" alt=\"Logotip_ALIEN-OCCICAT_quadri-retina\" title=\"Logotip_ALIEN-OCCICAT_quadri-retina\" src=\"https:\/\/alien-occicat.obs-banyuls.fr\/wp-content\/uploads\/2026\/06\/Logo_ALIEN-OCCICAT_quadri-retina.png\" data-orig-src=\"https:\/\/alien-occicat.obs-banyuls.fr\/wp-content\/uploads\/2026\/06\/Logo_ALIEN-OCCICAT_quadri-retina.png\" class=\"lazyload img-responsive wp-image-4289\" srcset=\"data:image\/svg+xml,%3Csvg%20xmlns%3D%27http%3A%2F%2Fwww.w3.org%2F2000%2Fsvg%27%20width%3D%271482%27%20height%3D%27920%27%20viewBox%3D%270%200%201482%20920%27%3E%3Crect%20width%3D%271482%27%20height%3D%27920%27%20fill-opacity%3D%220%22%2F%3E%3C%2Fsvg%3E\" data-srcset=\"https:\/\/alien-occicat.obs-banyuls.fr\/wp-content\/uploads\/2026\/06\/Logo_ALIEN-OCCICAT_quadri-retina-200x124.png 200w, https:\/\/alien-occicat.obs-banyuls.fr\/wp-content\/uploads\/2026\/06\/Logo_ALIEN-OCCICAT_quadri-retina-400x248.png 400w, https:\/\/alien-occicat.obs-banyuls.fr\/wp-content\/uploads\/2026\/06\/Logo_ALIEN-OCCICAT_quadri-retina-600x372.png 600w, https:\/\/alien-occicat.obs-banyuls.fr\/wp-content\/uploads\/2026\/06\/Logo_ALIEN-OCCICAT_quadri-retina-800x497.png 800w, https:\/\/alien-occicat.obs-banyuls.fr\/wp-content\/uploads\/2026\/06\/Logo_ALIEN-OCCICAT_quadri-retina-1200x745.png 1200w, https:\/\/alien-occicat.obs-banyuls.fr\/wp-content\/uploads\/2026\/06\/Logo_ALIEN-OCCICAT_quadri-retina.png 1482w\" data-sizes=\"auto\" data-orig-sizes=\"(max-width: 800px) 100vw, 400px\" \/><\/span><\/div><\/div><\/div><div class=\"fusion-layout-column fusion_builder_column_inner fusion-builder-nested-column-1 fusion_builder_column_inner_3_4 3_4 fusion-flex-column fusion-flex-align-self-stretch\" style=\"--awb-bg-size:cover;--awb-width-large:75%;--awb-margin-top-large:0px;--awb-spacing-right-large:2.56%;--awb-margin-bottom-large:0px;--awb-spacing-left-large:2.56%;--awb-width-medium:75%;--awb-order-medium:0;--awb-spacing-right-medium:2.56%;--awb-spacing-left-medium:2.56%;--awb-width-small:100%;--awb-order-small:0;--awb-spacing-right-small:1.92%;--awb-spacing-left-small:1.92%;\"><div class=\"fusion-column-wrapper fusion-column-has-shadow fusion-flex-justify-content-center fusion-content-layout-column\"><div class=\"fusion-image-element\" style=\"--awb-caption-title-font-family:var(--h2_typography-font-family);--awb-caption-title-font-weight:var(--h2_typography-font-weight);--awb-caption-title-font-style:var(--h2_typography-font-style);--awb-caption-title-size:var(--h2_typography-font-size);--awb-caption-title-transform:var(--h2_typography-text-transform);--awb-caption-title-line-height:var(--h2_typography-line-height);--awb-caption-title-letter-spacing:var(--h2_typography-letter-spacing);\"><span class=\" fusion-imageframe imageframe-none imageframe-4 hover-type-none\"><img decoding=\"async\" width=\"770\" height=\"93\" alt=\"AFLE_logo_horiz_nom_FR-1-770x93\" title=\"AFLE_logo_horiz_nom_FR-1-770&#215;93\" src=\"https:\/\/alien-occicat.obs-banyuls.fr\/wp-content\/uploads\/2026\/06\/AFLE_logo_horiz_nom_FR-1-770x93-1.png\" data-orig-src=\"https:\/\/alien-occicat.obs-banyuls.fr\/wp-content\/uploads\/2026\/06\/AFLE_logo_horiz_nom_FR-1-770x93-1.png\" class=\"lazyload img-responsive wp-image-4290\" srcset=\"data:image\/svg+xml,%3Csvg%20xmlns%3D%27http%3A%2F%2Fwww.w3.org%2F2000%2Fsvg%27%20width%3D%27770%27%20height%3D%2793%27%20viewBox%3D%270%200%20770%2093%27%3E%3Crect%20width%3D%27770%27%20height%3D%2793%27%20fill-opacity%3D%220%22%2F%3E%3C%2Fsvg%3E\" data-srcset=\"https:\/\/alien-occicat.obs-banyuls.fr\/wp-content\/uploads\/2026\/06\/AFLE_logo_horiz_nom_FR-1-770x93-1-200x24.png 200w, https:\/\/alien-occicat.obs-banyuls.fr\/wp-content\/uploads\/2026\/06\/AFLE_logo_horiz_nom_FR-1-770x93-1-400x48.png 400w, https:\/\/alien-occicat.obs-banyuls.fr\/wp-content\/uploads\/2026\/06\/AFLE_logo_horiz_nom_FR-1-770x93-1-600x72.png 600w, https:\/\/alien-occicat.obs-banyuls.fr\/wp-content\/uploads\/2026\/06\/AFLE_logo_horiz_nom_FR-1-770x93-1.png 770w\" data-sizes=\"auto\" data-orig-sizes=\"(max-width: 800px) 100vw, 770px\" \/><\/span><\/div><\/div><\/div><\/div><div class=\"fusion-text fusion-text-7\" style=\"--awb-text-color:var(--awb-custom_color_1);--awb-margin-top:30px;\"><p>Amb el suport de<\/p>\n<\/div><div class=\"fusion-image-carousel fusion-image-carousel-auto fusion-image-carousel-1\"><div class=\"awb-carousel awb-swiper awb-swiper-carousel awb-carousel--carousel awb-swiper-dots-position-bottom\" data-layout=\"carousel\" data-autoplay=\"no\" data-autoplayspeed=\"2500\" data-autoplaypause=\"no\" data-loop=\"yes\" data-columns=\"4.0\" data-columnsmedium=\"1\" data-columnssmall=\"1\" data-itemmargin=\"30\" data-itemwidth=\"180\" data-touchscroll=\"no\" data-freemode=\"no\" data-imagesize=\"auto\" data-scrollitems=\"0\" data-scrollitems-medium=\"0\" data-scrollitems-small=\"0\" data-centeredslides=\"no\" data-rotationangle=\"50\" data-depth=\"100\" data-speed=\"500\" data-shadow=\"no\" data-pagination=\"bullets\" style=\"--awb-columns:4.0;--awb-column-spacing:30px;--awb-dots-align:center;\"><div class=\"swiper-wrapper awb-image-carousel-wrapper fusion-flex-align-items-center\"><div class=\"swiper-slide\"><div class=\"fusion-carousel-item-wrapper\"><div class=\"fusion-image-wrapper hover-type-none\"><img decoding=\"async\" width=\"2560\" height=\"2560\" src=\"https:\/\/alien-occicat.obs-banyuls.fr\/wp-content\/uploads\/2026\/06\/Logo-CPIELIDOC-1-scaled.png\" class=\"attachment-full size-full lazyload\" alt=\"Logo-CPIELIDOC\" srcset=\"data:image\/svg+xml,%3Csvg%20xmlns%3D%27http%3A%2F%2Fwww.w3.org%2F2000%2Fsvg%27%20width%3D%272560%27%20height%3D%272560%27%20viewBox%3D%270%200%202560%202560%27%3E%3Crect%20width%3D%272560%27%20height%3D%272560%27%20fill-opacity%3D%220%22%2F%3E%3C%2Fsvg%3E\" data-orig-src=\"https:\/\/alien-occicat.obs-banyuls.fr\/wp-content\/uploads\/2026\/06\/Logo-CPIELIDOC-1-scaled.png\" data-srcset=\"https:\/\/alien-occicat.obs-banyuls.fr\/wp-content\/uploads\/2026\/06\/Logo-CPIELIDOC-1-200x200.png 200w, https:\/\/alien-occicat.obs-banyuls.fr\/wp-content\/uploads\/2026\/06\/Logo-CPIELIDOC-1-400x400.png 400w, https:\/\/alien-occicat.obs-banyuls.fr\/wp-content\/uploads\/2026\/06\/Logo-CPIELIDOC-1-600x600.png 600w, https:\/\/alien-occicat.obs-banyuls.fr\/wp-content\/uploads\/2026\/06\/Logo-CPIELIDOC-1-800x800.png 800w, https:\/\/alien-occicat.obs-banyuls.fr\/wp-content\/uploads\/2026\/06\/Logo-CPIELIDOC-1-1200x1200.png 1200w, https:\/\/alien-occicat.obs-banyuls.fr\/wp-content\/uploads\/2026\/06\/Logo-CPIELIDOC-1-scaled.png 2560w\" data-sizes=\"auto\" \/><\/div><\/div><\/div><div class=\"swiper-slide\"><div class=\"fusion-carousel-item-wrapper\"><div class=\"fusion-image-wrapper hover-type-none\"><img decoding=\"async\" width=\"1583\" height=\"1583\" src=\"https:\/\/alien-occicat.obs-banyuls.fr\/wp-content\/uploads\/2026\/06\/Logo-SDLMO.webp\" class=\"attachment-full size-full lazyload\" alt=\"\" srcset=\"data:image\/svg+xml,%3Csvg%20xmlns%3D%27http%3A%2F%2Fwww.w3.org%2F2000%2Fsvg%27%20width%3D%271583%27%20height%3D%271583%27%20viewBox%3D%270%200%201583%201583%27%3E%3Crect%20width%3D%271583%27%20height%3D%271583%27%20fill-opacity%3D%220%22%2F%3E%3C%2Fsvg%3E\" data-orig-src=\"https:\/\/alien-occicat.obs-banyuls.fr\/wp-content\/uploads\/2026\/06\/Logo-SDLMO.webp\" data-srcset=\"https:\/\/alien-occicat.obs-banyuls.fr\/wp-content\/uploads\/2026\/06\/Logo-SDLMO-200x200.webp 200w, https:\/\/alien-occicat.obs-banyuls.fr\/wp-content\/uploads\/2026\/06\/Logo-SDLMO-400x400.webp 400w, https:\/\/alien-occicat.obs-banyuls.fr\/wp-content\/uploads\/2026\/06\/Logo-SDLMO-600x600.webp 600w, https:\/\/alien-occicat.obs-banyuls.fr\/wp-content\/uploads\/2026\/06\/Logo-SDLMO-800x800.webp 800w, https:\/\/alien-occicat.obs-banyuls.fr\/wp-content\/uploads\/2026\/06\/Logo-SDLMO-1200x1200.webp 1200w, https:\/\/alien-occicat.obs-banyuls.fr\/wp-content\/uploads\/2026\/06\/Logo-SDLMO.webp 1583w\" data-sizes=\"auto\" \/><\/div><\/div><\/div><div class=\"swiper-slide\"><div class=\"fusion-carousel-item-wrapper\"><div class=\"fusion-image-wrapper hover-type-none\"><img decoding=\"async\" width=\"2472\" height=\"1208\" src=\"https:\/\/alien-occicat.obs-banyuls.fr\/wp-content\/uploads\/2026\/06\/Logo_OFB-1.png\" class=\"attachment-full size-full lazyload\" alt=\"\" srcset=\"data:image\/svg+xml,%3Csvg%20xmlns%3D%27http%3A%2F%2Fwww.w3.org%2F2000%2Fsvg%27%20width%3D%272472%27%20height%3D%271208%27%20viewBox%3D%270%200%202472%201208%27%3E%3Crect%20width%3D%272472%27%20height%3D%271208%27%20fill-opacity%3D%220%22%2F%3E%3C%2Fsvg%3E\" data-orig-src=\"https:\/\/alien-occicat.obs-banyuls.fr\/wp-content\/uploads\/2026\/06\/Logo_OFB-1.png\" data-srcset=\"https:\/\/alien-occicat.obs-banyuls.fr\/wp-content\/uploads\/2026\/06\/Logo_OFB-1-200x98.png 200w, https:\/\/alien-occicat.obs-banyuls.fr\/wp-content\/uploads\/2026\/06\/Logo_OFB-1-400x195.png 400w, https:\/\/alien-occicat.obs-banyuls.fr\/wp-content\/uploads\/2026\/06\/Logo_OFB-1-600x293.png 600w, https:\/\/alien-occicat.obs-banyuls.fr\/wp-content\/uploads\/2026\/06\/Logo_OFB-1-800x391.png 800w, https:\/\/alien-occicat.obs-banyuls.fr\/wp-content\/uploads\/2026\/06\/Logo_OFB-1-1200x586.png 1200w, https:\/\/alien-occicat.obs-banyuls.fr\/wp-content\/uploads\/2026\/06\/Logo_OFB-1.png 2472w\" data-sizes=\"auto\" \/><\/div><\/div><\/div><div class=\"swiper-slide\"><div class=\"fusion-carousel-item-wrapper\"><div class=\"fusion-image-wrapper hover-type-none\"><img decoding=\"async\" width=\"2560\" height=\"1138\" src=\"https:\/\/alien-occicat.obs-banyuls.fr\/wp-content\/uploads\/2026\/06\/Logo_Occitanie-scaled.webp\" class=\"attachment-full size-full lazyload\" alt=\"\" srcset=\"data:image\/svg+xml,%3Csvg%20xmlns%3D%27http%3A%2F%2Fwww.w3.org%2F2000%2Fsvg%27%20width%3D%272560%27%20height%3D%271138%27%20viewBox%3D%270%200%202560%201138%27%3E%3Crect%20width%3D%272560%27%20height%3D%271138%27%20fill-opacity%3D%220%22%2F%3E%3C%2Fsvg%3E\" data-orig-src=\"https:\/\/alien-occicat.obs-banyuls.fr\/wp-content\/uploads\/2026\/06\/Logo_Occitanie-scaled.webp\" data-srcset=\"https:\/\/alien-occicat.obs-banyuls.fr\/wp-content\/uploads\/2026\/06\/Logo_Occitanie-200x89.webp 200w, https:\/\/alien-occicat.obs-banyuls.fr\/wp-content\/uploads\/2026\/06\/Logo_Occitanie-400x178.webp 400w, https:\/\/alien-occicat.obs-banyuls.fr\/wp-content\/uploads\/2026\/06\/Logo_Occitanie-600x267.webp 600w, https:\/\/alien-occicat.obs-banyuls.fr\/wp-content\/uploads\/2026\/06\/Logo_Occitanie-800x356.webp 800w, https:\/\/alien-occicat.obs-banyuls.fr\/wp-content\/uploads\/2026\/06\/Logo_Occitanie-1200x534.webp 1200w, https:\/\/alien-occicat.obs-banyuls.fr\/wp-content\/uploads\/2026\/06\/Logo_Occitanie-scaled.webp 2560w\" data-sizes=\"auto\" \/><\/div><\/div><\/div><\/div><\/div><\/div><div class=\"fusion-separator fusion-full-width-sep\" style=\"align-self: center;margin-left: auto;margin-right: auto;margin-top:30px;width:100%;\"><div class=\"fusion-separator-border sep-single sep-solid\" style=\"--awb-height:20px;--awb-amount:20px;--awb-sep-color:var(--awb-custom_color_5);border-color:var(--awb-custom_color_5);border-top-width:1px;\"><\/div><\/div><div class=\"fusion-text fusion-text-8\" style=\"--awb-text-color:var(--awb-custom_color_1);--awb-margin-top:30px;\"><p>Impulsat per<\/p>\n<\/div><div class=\"awb-gallery-wrapper awb-gallery-wrapper-1 button-span-no\" style=\"--more-btn-alignment:center;\"><div style=\"margin:-20px;--awb-bordersize:0px;\" class=\"fusion-gallery fusion-gallery-container fusion-grid-4 fusion-columns-total-4 fusion-gallery-layout-grid fusion-gallery-1\"><div style=\"padding:20px;\" class=\"fusion-grid-column fusion-gallery-column fusion-gallery-column-4 hover-type-none\"><div class=\"fusion-gallery-image\"><img decoding=\"async\" src=\"https:\/\/alien-occicat.obs-banyuls.fr\/wp-content\/uploads\/2026\/06\/Logo_ICM.png\" data-orig-src=\"https:\/\/alien-occicat.obs-banyuls.fr\/wp-content\/uploads\/2026\/06\/Logo_ICM.png\" width=\"600\" height=\"157\" alt=\"\" title=\"Logotip_ICM\" aria-label=\"Logotip_ICM\" class=\"lazyload img-responsive wp-image-4291\" srcset=\"data:image\/svg+xml,%3Csvg%20xmlns%3D%27http%3A%2F%2Fwww.w3.org%2F2000%2Fsvg%27%20width%3D%27600%27%20height%3D%27157%27%20viewBox%3D%270%200%20600%20157%27%3E%3Crect%20width%3D%27600%27%20height%3D%27157%27%20fill-opacity%3D%220%22%2F%3E%3C%2Fsvg%3E\" data-srcset=\"https:\/\/alien-occicat.obs-banyuls.fr\/wp-content\/uploads\/2026\/06\/Logo_ICM-200x52.png 200w, https:\/\/alien-occicat.obs-banyuls.fr\/wp-content\/uploads\/2026\/06\/Logo_ICM-400x105.png 400w, https:\/\/alien-occicat.obs-banyuls.fr\/wp-content\/uploads\/2026\/06\/Logo_ICM.png 600w\" data-sizes=\"auto\" data-orig-sizes=\"(min-width: 2200px) 100vw, (min-width: 856px) 293px, (min-width: 784px) 390px, (min-width: 712px) 585px, (min-width: 640px) 712px, \" \/><\/div><\/div><div style=\"padding:20px;\" class=\"fusion-grid-column fusion-gallery-column fusion-gallery-column-4 hover-type-none\"><div class=\"fusion-gallery-image\"><img decoding=\"async\" src=\"https:\/\/alien-occicat.obs-banyuls.fr\/wp-content\/uploads\/2026\/06\/Logo_severo.png\" data-orig-src=\"https:\/\/alien-occicat.obs-banyuls.fr\/wp-content\/uploads\/2026\/06\/Logo_severo.png\" width=\"559\" height=\"229\" alt=\"\" title=\"Logotip_severo\" aria-label=\"Logotip_severo\" class=\"lazyload img-responsive wp-image-4292\" srcset=\"data:image\/svg+xml,%3Csvg%20xmlns%3D%27http%3A%2F%2Fwww.w3.org%2F2000%2Fsvg%27%20width%3D%27559%27%20height%3D%27229%27%20viewBox%3D%270%200%20559%20229%27%3E%3Crect%20width%3D%27559%27%20height%3D%27229%27%20fill-opacity%3D%220%22%2F%3E%3C%2Fsvg%3E\" data-srcset=\"https:\/\/alien-occicat.obs-banyuls.fr\/wp-content\/uploads\/2026\/06\/Logo_severo-200x82.png 200w, https:\/\/alien-occicat.obs-banyuls.fr\/wp-content\/uploads\/2026\/06\/Logo_severo-400x164.png 400w, https:\/\/alien-occicat.obs-banyuls.fr\/wp-content\/uploads\/2026\/06\/Logo_severo.png 559w\" data-sizes=\"auto\" data-orig-sizes=\"(min-width: 2200px) 100vw, (min-width: 856px) 293px, (min-width: 784px) 390px, (min-width: 712px) 585px, (min-width: 640px) 712px, \" \/><\/div><\/div><div style=\"padding:20px;\" class=\"fusion-grid-column fusion-gallery-column fusion-gallery-column-4 hover-type-none\"><div class=\"fusion-gallery-image\"><img decoding=\"async\" src=\"https:\/\/alien-occicat.obs-banyuls.fr\/wp-content\/uploads\/2026\/06\/Logo_csic.png\" data-orig-src=\"https:\/\/alien-occicat.obs-banyuls.fr\/wp-content\/uploads\/2026\/06\/Logo_csic.png\" width=\"725\" height=\"147\" alt=\"\" title=\"Logotip_csic\" aria-label=\"Logotip_csic\" class=\"lazyload img-responsive wp-image-4293\" srcset=\"data:image\/svg+xml,%3Csvg%20xmlns%3D%27http%3A%2F%2Fwww.w3.org%2F2000%2Fsvg%27%20width%3D%27725%27%20height%3D%27147%27%20viewBox%3D%270%200%20725%20147%27%3E%3Crect%20width%3D%27725%27%20height%3D%27147%27%20fill-opacity%3D%220%22%2F%3E%3C%2Fsvg%3E\" data-srcset=\"https:\/\/alien-occicat.obs-banyuls.fr\/wp-content\/uploads\/2026\/06\/Logo_csic-200x41.png 200w, https:\/\/alien-occicat.obs-banyuls.fr\/wp-content\/uploads\/2026\/06\/Logo_csic-400x81.png 400w, https:\/\/alien-occicat.obs-banyuls.fr\/wp-content\/uploads\/2026\/06\/Logo_csic-600x122.png 600w, https:\/\/alien-occicat.obs-banyuls.fr\/wp-content\/uploads\/2026\/06\/Logo_csic.png 725w\" data-sizes=\"auto\" data-orig-sizes=\"(min-width: 2200px) 100vw, (min-width: 856px) 293px, (min-width: 784px) 390px, (min-width: 712px) 585px, (min-width: 640px) 712px, \" \/><\/div><\/div><div style=\"padding:20px;\" class=\"fusion-grid-column fusion-gallery-column fusion-gallery-column-4 hover-type-none\"><div class=\"fusion-gallery-image\"><img decoding=\"async\" src=\"data:image\/svg+xml,%3Csvg%20xmlns%3D%27http%3A%2F%2Fwww.w3.org%2F2000%2Fsvg%27%20width%3D%27120%27%20height%3D%2734%27%20viewBox%3D%270%200%20120%2034%27%3E%3Crect%20width%3D%27120%27%20height%3D%2734%27%20fill-opacity%3D%220%22%2F%3E%3C%2Fsvg%3E\" data-orig-src=\"https:\/\/alien-occicat.obs-banyuls.fr\/wp-content\/uploads\/2026\/06\/Logo_minka.svg\" width=\"120\" height=\"34\" alt=\"\" title=\"Logotip_minka\" aria-label=\"Logotip_minka\" class=\"lazyload img-responsive wp-image-4294\"  \/><\/div><\/div><div class=\"clearfix\"><\/div><\/div><\/div><div class=\"fusion-text fusion-text-9\" style=\"--awb-text-color:var(--awb-custom_color_1);--awb-margin-top:30px;\"><p>Amb el finan\u00e7ament de projectes europeus<\/p>\n<\/div><div class=\"fusion-image-carousel fusion-image-carousel-auto fusion-image-carousel-2\"><div class=\"awb-carousel awb-swiper awb-swiper-carousel awb-carousel--carousel awb-swiper-dots-position-bottom\" data-layout=\"carousel\" data-autoplay=\"yes\" data-autoplayspeed=\"2500\" data-autoplaypause=\"yes\" data-loop=\"yes\" data-columns=\"4.0\" data-columnsmedium=\"1\" data-columnssmall=\"1\" data-itemmargin=\"30\" data-itemwidth=\"180\" data-touchscroll=\"no\" data-freemode=\"no\" data-imagesize=\"auto\" data-scrollitems=\"0\" data-scrollitems-medium=\"0\" data-scrollitems-small=\"0\" data-centeredslides=\"no\" data-rotationangle=\"50\" data-depth=\"100\" data-speed=\"500\" data-shadow=\"no\" data-pagination=\"bullets\" style=\"--awb-columns:4.0;--awb-column-spacing:30px;--awb-dots-align:center;\"><div class=\"swiper-wrapper awb-image-carousel-wrapper fusion-flex-align-items-center\"><div class=\"swiper-slide\"><div class=\"fusion-carousel-item-wrapper\"><div class=\"fusion-image-wrapper hover-type-none\"><img decoding=\"async\" width=\"246\" height=\"62\" src=\"https:\/\/alien-occicat.obs-banyuls.fr\/wp-content\/uploads\/2026\/06\/Logo_MINKE.png\" class=\"attachment-full size-full lazyload\" alt=\"\" srcset=\"data:image\/svg+xml,%3Csvg%20xmlns%3D%27http%3A%2F%2Fwww.w3.org%2F2000%2Fsvg%27%20width%3D%27246%27%20height%3D%2762%27%20viewBox%3D%270%200%20246%2062%27%3E%3Crect%20width%3D%27246%27%20height%3D%2762%27%20fill-opacity%3D%220%22%2F%3E%3C%2Fsvg%3E\" data-orig-src=\"https:\/\/alien-occicat.obs-banyuls.fr\/wp-content\/uploads\/2026\/06\/Logo_MINKE.png\" data-srcset=\"https:\/\/alien-occicat.obs-banyuls.fr\/wp-content\/uploads\/2026\/06\/Logo_MINKE-200x50.png 200w, https:\/\/alien-occicat.obs-banyuls.fr\/wp-content\/uploads\/2026\/06\/Logo_MINKE.png 246w\" data-sizes=\"auto\" \/><\/div><\/div><\/div><div class=\"swiper-slide\"><div class=\"fusion-carousel-item-wrapper\"><div class=\"fusion-image-wrapper hover-type-none\"><img decoding=\"async\" width=\"312\" height=\"78\" src=\"https:\/\/alien-occicat.obs-banyuls.fr\/wp-content\/uploads\/2026\/06\/Logo_aneris.png\" class=\"attachment-full size-full lazyload\" alt=\"\" srcset=\"data:image\/svg+xml,%3Csvg%20xmlns%3D%27http%3A%2F%2Fwww.w3.org%2F2000%2Fsvg%27%20width%3D%27312%27%20height%3D%2778%27%20viewBox%3D%270%200%20312%2078%27%3E%3Crect%20width%3D%27312%27%20height%3D%2778%27%20fill-opacity%3D%220%22%2F%3E%3C%2Fsvg%3E\" data-orig-src=\"https:\/\/alien-occicat.obs-banyuls.fr\/wp-content\/uploads\/2026\/06\/Logo_aneris.png\" data-srcset=\"https:\/\/alien-occicat.obs-banyuls.fr\/wp-content\/uploads\/2026\/06\/Logo_aneris-200x50.png 200w, https:\/\/alien-occicat.obs-banyuls.fr\/wp-content\/uploads\/2026\/06\/Logo_aneris.png 312w\" data-sizes=\"auto\" \/><\/div><\/div><\/div><div class=\"swiper-slide\"><div class=\"fusion-carousel-item-wrapper\"><div class=\"fusion-image-wrapper hover-type-none\"><img decoding=\"async\" width=\"270\" height=\"98\" src=\"https:\/\/alien-occicat.obs-banyuls.fr\/wp-content\/uploads\/2026\/06\/Logo_ecs.png\" class=\"attachment-full size-full lazyload\" alt=\"\" srcset=\"data:image\/svg+xml,%3Csvg%20xmlns%3D%27http%3A%2F%2Fwww.w3.org%2F2000%2Fsvg%27%20width%3D%27270%27%20height%3D%2798%27%20viewBox%3D%270%200%20270%2098%27%3E%3Crect%20width%3D%27270%27%20height%3D%2798%27%20fill-opacity%3D%220%22%2F%3E%3C%2Fsvg%3E\" data-orig-src=\"https:\/\/alien-occicat.obs-banyuls.fr\/wp-content\/uploads\/2026\/06\/Logo_ecs.png\" data-srcset=\"https:\/\/alien-occicat.obs-banyuls.fr\/wp-content\/uploads\/2026\/06\/Logo_ecs-200x73.png 200w, https:\/\/alien-occicat.obs-banyuls.fr\/wp-content\/uploads\/2026\/06\/Logo_ecs.png 270w\" data-sizes=\"auto\" \/><\/div><\/div><\/div><div class=\"swiper-slide\"><div class=\"fusion-carousel-item-wrapper\"><div class=\"fusion-image-wrapper hover-type-none\"><img decoding=\"async\" width=\"320\" height=\"86\" src=\"https:\/\/alien-occicat.obs-banyuls.fr\/wp-content\/uploads\/2026\/06\/Logo_guarden.png\" class=\"attachment-full size-full lazyload\" alt=\"\" srcset=\"data:image\/svg+xml,%3Csvg%20xmlns%3D%27http%3A%2F%2Fwww.w3.org%2F2000%2Fsvg%27%20width%3D%27320%27%20height%3D%2786%27%20viewBox%3D%270%200%20320%2086%27%3E%3Crect%20width%3D%27320%27%20height%3D%2786%27%20fill-opacity%3D%220%22%2F%3E%3C%2Fsvg%3E\" data-orig-src=\"https:\/\/alien-occicat.obs-banyuls.fr\/wp-content\/uploads\/2026\/06\/Logo_guarden.png\" data-srcset=\"https:\/\/alien-occicat.obs-banyuls.fr\/wp-content\/uploads\/2026\/06\/Logo_guarden-200x54.png 200w, https:\/\/alien-occicat.obs-banyuls.fr\/wp-content\/uploads\/2026\/06\/Logo_guarden.png 320w\" data-sizes=\"auto\" \/><\/div><\/div><\/div><div class=\"swiper-slide\"><div class=\"fusion-carousel-item-wrapper\"><div class=\"fusion-image-wrapper hover-type-none\"><img decoding=\"async\" width=\"1183\" height=\"892\" src=\"https:\/\/alien-occicat.obs-banyuls.fr\/wp-content\/uploads\/2026\/06\/Logo_Pharos-1.webp\" class=\"attachment-full size-full lazyload\" alt=\"\" srcset=\"data:image\/svg+xml,%3Csvg%20xmlns%3D%27http%3A%2F%2Fwww.w3.org%2F2000%2Fsvg%27%20width%3D%271183%27%20height%3D%27892%27%20viewBox%3D%270%200%201183%20892%27%3E%3Crect%20width%3D%271183%27%20height%3D%27892%27%20fill-opacity%3D%220%22%2F%3E%3C%2Fsvg%3E\" data-orig-src=\"https:\/\/alien-occicat.obs-banyuls.fr\/wp-content\/uploads\/2026\/06\/Logo_Pharos-1.webp\" data-srcset=\"https:\/\/alien-occicat.obs-banyuls.fr\/wp-content\/uploads\/2026\/06\/Logo_Pharos-1-200x151.webp 200w, https:\/\/alien-occicat.obs-banyuls.fr\/wp-content\/uploads\/2026\/06\/Logo_Pharos-1-400x302.webp 400w, https:\/\/alien-occicat.obs-banyuls.fr\/wp-content\/uploads\/2026\/06\/Logo_Pharos-1-600x452.webp 600w, https:\/\/alien-occicat.obs-banyuls.fr\/wp-content\/uploads\/2026\/06\/Logo_Pharos-1-800x603.webp 800w, https:\/\/alien-occicat.obs-banyuls.fr\/wp-content\/uploads\/2026\/06\/Logo_Pharos-1.webp 1183w\" data-sizes=\"auto\" \/><\/div><\/div><\/div><div class=\"swiper-slide\"><div class=\"fusion-carousel-item-wrapper\"><div class=\"fusion-image-wrapper hover-type-none\"><img decoding=\"async\" width=\"400\" height=\"90\" src=\"https:\/\/alien-occicat.obs-banyuls.fr\/wp-content\/uploads\/2026\/06\/Logo_ue.png\" class=\"attachment-full size-full lazyload\" alt=\"\" srcset=\"data:image\/svg+xml,%3Csvg%20xmlns%3D%27http%3A%2F%2Fwww.w3.org%2F2000%2Fsvg%27%20width%3D%27400%27%20height%3D%2790%27%20viewBox%3D%270%200%20400%2090%27%3E%3Crect%20width%3D%27400%27%20height%3D%2790%27%20fill-opacity%3D%220%22%2F%3E%3C%2Fsvg%3E\" data-orig-src=\"https:\/\/alien-occicat.obs-banyuls.fr\/wp-content\/uploads\/2026\/06\/Logo_ue.png\" data-srcset=\"https:\/\/alien-occicat.obs-banyuls.fr\/wp-content\/uploads\/2026\/06\/Logo_ue-200x45.png 200w, https:\/\/alien-occicat.obs-banyuls.fr\/wp-content\/uploads\/2026\/06\/Logo_ue.png 400w\" data-sizes=\"auto\" \/><\/div><\/div><\/div><\/div><\/div><\/div><\/div><\/div><\/div><\/div>\n","protected":false},"excerpt":{"rendered":"","protected":false},"author":3,"featured_media":4286,"comment_status":"closed","ping_status":"open","sticky":false,"template":"","format":"standard","meta":{"_acf_changed":false,"footnotes":""},"categories":[95],"tags":[],"class_list":["post-4284","post","type-post","status-publish","format-standard","has-post-thumbnail","hentry","category-noticies"],"acf":[],"_links":{"self":[{"href":"https:\/\/alien-occicat.obs-banyuls.fr\/ca\/wp-json\/wp\/v2\/posts\/4284","targetHints":{"allow":["GET"]}}],"collection":[{"href":"https:\/\/alien-occicat.obs-banyuls.fr\/ca\/wp-json\/wp\/v2\/posts"}],"about":[{"href":"https:\/\/alien-occicat.obs-banyuls.fr\/ca\/wp-json\/wp\/v2\/types\/post"}],"author":[{"embeddable":true,"href":"https:\/\/alien-occicat.obs-banyuls.fr\/ca\/wp-json\/wp\/v2\/users\/3"}],"replies":[{"embeddable":true,"href":"https:\/\/alien-occicat.obs-banyuls.fr\/ca\/wp-json\/wp\/v2\/comments?post=4284"}],"version-history":[{"count":9,"href":"https:\/\/alien-occicat.obs-banyuls.fr\/ca\/wp-json\/wp\/v2\/posts\/4284\/revisions"}],"predecessor-version":[{"id":5159,"href":"https:\/\/alien-occicat.obs-banyuls.fr\/ca\/wp-json\/wp\/v2\/posts\/4284\/revisions\/5159"}],"wp:featuredmedia":[{"embeddable":true,"href":"https:\/\/alien-occicat.obs-banyuls.fr\/ca\/wp-json\/wp\/v2\/media\/4286"}],"wp:attachment":[{"href":"https:\/\/alien-occicat.obs-banyuls.fr\/ca\/wp-json\/wp\/v2\/media?parent=4284"}],"wp:term":[{"taxonomy":"category","embeddable":true,"href":"https:\/\/alien-occicat.obs-banyuls.fr\/ca\/wp-json\/wp\/v2\/categories?post=4284"},{"taxonomy":"post_tag","embeddable":true,"href":"https:\/\/alien-occicat.obs-banyuls.fr\/ca\/wp-json\/wp\/v2\/tags?post=4284"}],"curies":[{"name":"wp","href":"https:\/\/api.w.org\/{rel}","templated":true}]}}